{"id":1685,"date":"2021-12-13T16:29:10","date_gmt":"2021-12-13T19:29:10","guid":{"rendered":"https:\/\/www.cursosycarreras.cl\/orientacion\/?p=1685"},"modified":"2022-02-14T16:06:19","modified_gmt":"2022-02-14T19:06:19","slug":"entrevista-directivo-cft-massachusetts","status":"publish","type":"post","link":"https:\/\/www.cursosycarreras.cl\/orientacion\/entrevista-directivo-cft-massachusetts\/","title":{"rendered":"El CFT Massachusetts presenta nueva oferta educativa a partir del 2022"},"content":{"rendered":"<p><\/p>\n<p>Si est\u00e1s buscando d\u00f3nde estudiar carreras cortas, lee la entrevista que realizamos a <strong>Juan Pablo Ja\u00f1a P\u00e9rez, Rector del Centro de Formaci\u00f3n T\u00e9cnica Massachusetts<\/strong>. En la misma, hablamos sobre la historia de la instituci\u00f3n, su oferta acad\u00e9mica, el modelo educativo y \u00a1mucho m\u00e1s!<\/p>\n<p><\/p>\n<p><br \/>\n<!--more--><br \/>\n<\/p>\n<p><\/p>\n<figure class=\"wp-block-image size-large\"><img width=\"1024\" height=\"683\" src=\"https:\/\/www.cursosycarreras.cl\/orientacion\/wp-content\/uploads\/2021\/12\/cft-massachusetts-1024x683.jpg\" alt=\"cft-massachusetts\" class=\"wp-image-2040\" srcset=\"https:\/\/www.cursosycarreras.cl\/orientacion\/wp-content\/uploads\/2021\/12\/cft-massachusetts-1024x683.jpg 1024w, https:\/\/www.cursosycarreras.cl\/orientacion\/wp-content\/uploads\/2021\/12\/cft-massachusetts-300x200.jpg 300w, https:\/\/www.cursosycarreras.cl\/orientacion\/wp-content\/uploads\/2021\/12\/cft-massachusetts-768x512.jpg 768w, https:\/\/www.cursosycarreras.cl\/orientacion\/wp-content\/uploads\/2021\/12\/cft-massachusetts-225x150.jpg 225w, https:\/\/www.cursosycarreras.cl\/orientacion\/wp-content\/uploads\/2021\/12\/cft-massachusetts-610x407.jpg 610w, https:\/\/www.cursosycarreras.cl\/orientacion\/wp-content\/uploads\/2021\/12\/cft-massachusetts-150x100.jpg 150w, https:\/\/www.cursosycarreras.cl\/orientacion\/wp-content\/uploads\/2021\/12\/cft-massachusetts.jpg 1080w\" sizes=\"(max-width: 1024px) 100vw, 1024px\" \/><\/figure>\n<p><\/p>\n<p><\/p>\n<h2><strong>Breve Historia del CFT Massachusetts<\/strong><\/h2>\n<p><\/p>\n<p><\/p>\n<p>Ya son casi 40 a\u00f1os que C.F.T. Massachusetts se encuentra formando t\u00e9cnicos calificados, socialmente responsables, con desarrollo personal y profesional y que satisfacen los intereses y necesidades de las empresas, organizaciones y de la comunidad maulina. Por esta raz\u00f3n, <strong>el CFT Massachusetts se ha convertido en la instituci\u00f3n educativa con m\u00e1s trayectoria en la regi\u00f3n del Maule.&nbsp;<\/strong><\/p>\n<p><\/p>\n<p><\/p>\n<p>El <a href=\"http:\/\/www.cftmass.cl\/version_2\/index.php\" target=\"_blank\" rel=\"noreferrer noopener\">Centro de Formaci\u00f3n T\u00e9cnica Massachusetts<\/a>, tiene la misi\u00f3n de ser una instituci\u00f3n educativa que ofrezca oportunidades en la Formaci\u00f3n T\u00e9cnica de Nivel Superior para toda la poblaci\u00f3n de la regi\u00f3n del Maule, respondiendo a las demandas educacionales de una sociedad en constante cambio y renovaci\u00f3n.<\/p>\n<p><\/p>\n<p><\/p>\n<p><strong>Oferta acad\u00e9mica 2022<\/strong><\/p>\n<p><\/p>\n<p><\/p>\n<p>A contar de marzo de 2022 los Programa de Especializaci\u00f3n T\u00e9cnica ser\u00e1n:<\/p>\n<p><\/p>\n<p><\/p>\n<ul>\n<li>Cosmetolog\u00eda y est\u00e9tica Integral<\/li>\n<li>Terapeuta en Monoterapia y Fisioterapia<\/li>\n<li>Asistente Farmac\u00e9utico<\/li>\n<li>Secretariado Ejecutivo, Administrativo y Comercial<\/li>\n<li>Administraci\u00f3n en Recursos Humanos y Gesti\u00f3n del Personal<\/li>\n<li>Administraci\u00f3n Log\u00edstica y Transporte<\/li>\n<li>Comunicaci\u00f3n y Marketing Digital<\/li>\n<\/ul>\n<p><\/p>\n<p><\/p>\n<p>Si quieres conocer en profundidad el Centro de Formaci\u00f3n Massachusetts, te invitamos a leer la entrevista realizada a su<strong> Rector <\/strong><strong>Juan Pablo Ja\u00f1a<\/strong><strong> P\u00e9rez. <\/strong>Entre otros t\u00edtulos, Juan Pablo Ingeniero en Administraci\u00f3n de Empresas, Magister en Docencia Universitaria, Formaci\u00f3n en Coach Ontol\u00f3gico Organizacional, Diplomado en Gesti\u00f3n Estrat\u00e9gica del Capital Humano, Diplomado en Direcci\u00f3n Comercial y Ventas.<\/p>\n<p><\/p>\n<p><\/p>\n<h2><strong>Entrevista<\/strong><\/h2>\n<p><\/p>\n<p><\/p>\n<h3>\u00bfQu\u00e9 funci\u00f3n cumple como Rector? \u00bfC\u00f3mo describir\u00eda su trabajo y su v\u00ednculo con la instituci\u00f3n?<\/h3>\n<p><\/p>\n<p><\/p>\n<p>Liderar el gobierno institucional, promover y velar por el cumplimiento de la misi\u00f3n institucional, de las pol\u00edticas educacionales, los reglamentos y dem\u00e1s normas que regulan el funcionamiento del establecimiento, adoptando las medidas que garanticen el buen desarrollo de las actividades acad\u00e9micas y administrativas. Como as\u00ed tambi\u00e9n ser un agente permanente de interacci\u00f3n y vinculaci\u00f3n de intervenci\u00f3n con el mundo civil y laboral.<\/p>\n<p><\/p>\n<p><\/p>\n<h3>\u00bfCu\u00e1les son los principales objetivos del C.F.T. Massachusetts respecto a la formaci\u00f3n de sus alumnos?<\/h3>\n<p><\/p>\n<p><\/p>\n<p>Formar personas \u00edntegramente responsables con valores y principios, capaces de enfrentar las condiciones del mercado laboral o para emprender de manera individual.&nbsp;<\/p>\n<p><\/p>\n<p><\/p>\n<p>Proporcionar los conocimientos y competencias t\u00e9cnicas, potenciando en nuestros estudiantes las habilidades personales necesarias para desarrollarse profesionalmente.<\/p>\n<p><\/p>\n<p><\/p>\n<p>Ser un aporte y contribuci\u00f3n a la sociedad mediante el intercambio de servicios y conocimientos&nbsp;<\/p>\n<p><\/p>\n<p><\/p>\n<h3>\u00bfPor qu\u00e9 estudiar en el Centro de Formaci\u00f3n T\u00e9cnica Universidad Massachusetts y qu\u00e9 ventajas ofrece a los estudiantes?<\/h3>\n<p><\/p>\n<p><\/p>\n<p>Por qu\u00e9 CFT Massachusetts es la instituci\u00f3n de educaci\u00f3n superior con m\u00e1s trayectoria en la regi\u00f3n, adem\u00e1s cuenta con profesionales de vasta experiencia, profesionales calificados y con experiencia tanto laboral como docente, lo cual permite que la formaci\u00f3n que nuestros estudiantes reciben est\u00e9 debidamente contextualizada y conectada con la realidad que les tocar\u00e1 enfrentar. Una modalidad de estudio flexible que te permite compatibilizar perfectamente con otras actividades<\/p>\n<p><\/p>\n<p><\/p>\n<h3>\u00bfCu\u00e1les son las carreras m\u00e1s elegidas por los estudiantes? A partir de 2022, la oferta acad\u00e9mica cambiar\u00e1, \u00bfquieres contarnos m\u00e1s al respecto?<\/h3>\n<p><\/p>\n<p><\/p>\n<p>Hist\u00f3ricamente una de las carreras m\u00e1s elegidas fue T\u00e9cnico en Enfermer\u00eda y T\u00e9cnico en Administraci\u00f3n. <strong>Por ello gran parte de la oferta de los nuevos programas de especializaci\u00f3n va orientadas en las \u00e1reas de la salud, y la administraci\u00f3n.<\/strong><\/p>\n<p><\/p>\n<p><\/p>\n<p>Esperamos que La Escuela de Educaci\u00f3n Continua y su oferta acad\u00e9mica de programas de especializaci\u00f3n t\u00e9cnica sean un aporte integral a la comunidad, contribuyendo a que las personas puedan generar ingresos econ\u00f3micos, mejorar las condiciones y calidad de vida de sus familias y especializarse en una tarea espec\u00edfica que les permita generar competencias e insertarse en el mercado laboral de forma dependiente o independiente.<\/p>\n<p><\/p>\n<p><\/p>\n<figure class=\"wp-block-image size-large\"><img width=\"1024\" height=\"683\" src=\"https:\/\/www.cursosycarreras.cl\/orientacion\/wp-content\/uploads\/2021\/12\/cest-aliat-1024x683.jpg\" alt=\"cft-massachusetts\" class=\"wp-image-2050\" srcset=\"https:\/\/www.cursosycarreras.cl\/orientacion\/wp-content\/uploads\/2021\/12\/cest-aliat-1024x683.jpg 1024w, https:\/\/www.cursosycarreras.cl\/orientacion\/wp-content\/uploads\/2021\/12\/cest-aliat-300x200.jpg 300w, https:\/\/www.cursosycarreras.cl\/orientacion\/wp-content\/uploads\/2021\/12\/cest-aliat-768x512.jpg 768w, https:\/\/www.cursosycarreras.cl\/orientacion\/wp-content\/uploads\/2021\/12\/cest-aliat-225x150.jpg 225w, https:\/\/www.cursosycarreras.cl\/orientacion\/wp-content\/uploads\/2021\/12\/cest-aliat-610x407.jpg 610w, https:\/\/www.cursosycarreras.cl\/orientacion\/wp-content\/uploads\/2021\/12\/cest-aliat-150x100.jpg 150w, https:\/\/www.cursosycarreras.cl\/orientacion\/wp-content\/uploads\/2021\/12\/cest-aliat.jpg 1080w\" sizes=\"(max-width: 1024px) 100vw, 1024px\" \/><\/figure>\n<p><\/p>\n<p><\/p>\n<h3>\u00bfPodr\u00eda contarnos m\u00e1s sobre los Programas de Especializaci\u00f3n T\u00e9cnica del C.F.T. Massachusetts?<\/h3>\n<p><\/p>\n<p><\/p>\n<p>Estos programas <strong>est\u00e1n pensados en la sentida necesidad de poder contar con especializaciones de buen nivel y accesibles a todo quien quiera estudiar, son programas con arancel bastantes bajos, por la mitad de la media de otras casas de estudios.<\/strong><\/p>\n<p><\/p>\n<p><\/p>\n<p><strong>Tienen un fuerte contenido t\u00e9cnico,<\/strong> que junto a los m\u00f3dulos de desarrollo personal y emprendimiento lo hacen ser un programa completo y \u00fanico en su especie.<\/p>\n<p><\/p>\n<p><\/p>\n<p>Tienen una duraci\u00f3n de tres trimestres en una modalidad de estudios flexibles con clases dos veces por semana en horario vespertino Y de manera remota, M\u00e1s una jornada pr\u00e1ctica el d\u00eda s\u00e1bado.<\/p>\n<p><\/p>\n<p><\/p>\n<p>Desde el punto de vista del equipo docente contamos con profesores con experiencia laboral en cada una de las especializaciones. Sumando a ello su capacidad docente, lo hacen el complemento perfecto para asegurar que nuestros estudiantes tengan un aprendizaje significativo y suficiente<\/p>\n<p><\/p>\n<p><\/p>\n<h3>A los 38 a\u00f1os de trayectoria, \u00bfqu\u00e9 balance hacen respecto al logro de sus fines: en docencia y en vinculaci\u00f3n con el medio?<\/h3>\n<p><\/p>\n<p><\/p>\n<p>Hemos contribuido en la formaci\u00f3n de m\u00e1s de 5000 t\u00e9cnicos con s\u00f3lidos conocimientos y vocaci\u00f3n de servicios. Somos un referente en la educaci\u00f3n t\u00e9cnico profesional en la Regi\u00f3n del Maule.&nbsp;<\/p>\n<p><\/p>\n<p><\/p>\n<p><strong>Fuimos y seremos una instituci\u00f3n con un fuerte sello social que ha permitido estudiar a j\u00f3venes y adultos con nulas posibilidades econ\u00f3micas de poder optar por un t\u00edtulo t\u00e9cnico o una especializaci\u00f3n y que gracias a nuestras convicciones vieron hecho realidad sus sue\u00f1os.<\/strong><\/p>\n<p><\/p>\n<p><\/p>\n<p>Nuestro CFT ha logrado un posicionamiento importante en la formaci\u00f3n de t\u00e9cnicos de nivel superior en estos 38 a\u00f1os, sus egresados son una prueba manifiesta de esa labor y de ese compromiso y creemos firmemente que esta nueva apuesta va en la direcci\u00f3n correcta de seguir aportando al desarrollo de las personas, de la regi\u00f3n y del pa\u00eds.<\/p>\n<p><\/p>\n<p><\/p>\n<h3>El a\u00f1o acad\u00e9mico estuvo afectado por la pandemia a causa del Covid-19 \u00bfC\u00f3mo vivieron esta experiencia? \u00bfSe pudieron adaptar a la virtualidad?<\/h3>\n<p><\/p>\n<p><\/p>\n<p>Al igual que muchas instituciones a nivel mundial nos tuvimos que adaptar a un sistema de educaci\u00f3n v\u00eda plataforma online, para los cual se capacit\u00f3 a los docentes y se adquirieron servidores que permitieran garantizar una conectividad segura y duradera.<\/p>\n<p><\/p>\n<p><\/p>\n<p>Potenciamos a\u00fan m\u00e1s el aula virtual y agregamos nuevas herramientas did\u00e1cticas que permitieron desarrollar el aprendizaje de nuestros estudiantes.<\/p>\n<p><\/p>\n<p><\/p>\n<p>A su vez, complementado lo anteriormente mencionado, con talleres presenciales y pr\u00e1cticos en la medida de lo posible y resguardando todas las medidas de seguridad indicadas por la autoridad sanitaria.<\/p>\n<p><\/p>\n<p><\/p>\n<h3>A futuro, \u00bfqu\u00e9 planes en materia de nuevas propuestas y difusi\u00f3n del conocimiento tienen pensado implementar?<\/h3>\n<p><\/p>\n<p><\/p>\n<p>Esperamos potenciar la Escuela de Educaci\u00f3n Continua brindando una oferta moderna y acorde a las necesidades de la sociedad y de los requerimientos del mercado local y regional.<\/p>\n<p><\/p>\n<p><\/p>\n<p><strong>Somos una instituci\u00f3n al servicio de la regi\u00f3n. Nos debemos a ella y este nuevo esfuerzo es producto del compromiso adquirido ya hace 38 a\u00f1os.<\/strong><\/p>\n<p><\/p>\n","protected":false},"excerpt":{"rendered":"<p>Si est\u00e1s buscando d\u00f3nde estudiar carreras cortas, lee la entrevista que realizamos a Juan Pablo Ja\u00f1a P\u00e9rez, Rector del Centro de Formaci\u00f3n T\u00e9cnica Massachusetts. En la misma, hablamos sobre la historia de la instituci\u00f3n, su oferta acad\u00e9mica, el modelo educativo y \u00a1mucho m\u00e1s!<\/p>\n","protected":false},"author":7,"featured_media":2040,"comment_status":"closed","ping_status":"closed","sticky":false,"template":"","format":"standard","meta":[],"categories":[307],"tags":[345],"featured_image_urls":{"full":["https:\/\/www.cursosycarreras.cl\/orientacion\/wp-content\/uploads\/2021\/12\/cft-massachusetts.jpg",1080,720,false],"thumbnail":["https:\/\/www.cursosycarreras.cl\/orientacion\/wp-content\/uploads\/2021\/12\/cft-massachusetts-150x150.jpg",150,150,true],"medium":["https:\/\/www.cursosycarreras.cl\/orientacion\/wp-content\/uploads\/2021\/12\/cft-massachusetts-300x200.jpg",300,200,true],"medium_large":["https:\/\/www.cursosycarreras.cl\/orientacion\/wp-content\/uploads\/2021\/12\/cft-massachusetts-768x512.jpg",768,512,true],"large":["https:\/\/www.cursosycarreras.cl\/orientacion\/wp-content\/uploads\/2021\/12\/cft-massachusetts-1024x683.jpg",920,614,true],"1536x1536":["https:\/\/www.cursosycarreras.cl\/orientacion\/wp-content\/uploads\/2021\/12\/cft-massachusetts.jpg",1080,720,false],"2048x2048":["https:\/\/www.cursosycarreras.cl\/orientacion\/wp-content\/uploads\/2021\/12\/cft-massachusetts.jpg",1080,720,false],"custom":["https:\/\/www.cursosycarreras.cl\/orientacion\/wp-content\/uploads\/2021\/12\/cft-massachusetts-225x150.jpg",225,150,true],"bloom_image":["https:\/\/www.cursosycarreras.cl\/orientacion\/wp-content\/uploads\/2021\/12\/cft-massachusetts-610x407.jpg",610,407,true],"post-thumbnail":["https:\/\/www.cursosycarreras.cl\/orientacion\/wp-content\/uploads\/2021\/12\/cft-massachusetts-150x100.jpg",150,100,true],"header":["https:\/\/www.cursosycarreras.cl\/orientacion\/wp-content\/uploads\/2021\/12\/cft-massachusetts-1080x120.jpg",1080,120,true],"slider":["https:\/\/www.cursosycarreras.cl\/orientacion\/wp-content\/uploads\/2021\/12\/cft-massachusetts-1080x400.jpg",1080,400,true],"columns":["https:\/\/www.cursosycarreras.cl\/orientacion\/wp-content\/uploads\/2021\/12\/cft-massachusetts-351x201.jpg",351,201,true]},"post_excerpt_stackable":"<p>Si est\u00e1s buscando d\u00f3nde estudiar carreras cortas, lee la entrevista que realizamos a Juan Pablo Ja\u00f1a P\u00e9rez, Rector del Centro de Formaci\u00f3n T\u00e9cnica Massachusetts. En la misma, hablamos sobre la historia de la instituci\u00f3n, su oferta acad\u00e9mica, el modelo educativo y \u00a1mucho m\u00e1s! Breve Historia del CFT Massachusetts Ya son casi 40 a\u00f1os que C.F.T. Massachusetts se encuentra formando t\u00e9cnicos calificados, socialmente responsables, con desarrollo personal y profesional y que satisfacen los intereses y necesidades de las empresas, organizaciones y de la comunidad maulina. Por esta raz\u00f3n, el CFT Massachusetts se ha convertido en la instituci\u00f3n educativa con m\u00e1s trayectoria&hellip;<\/p>\n","category_list":"<a href=\"https:\/\/www.cursosycarreras.cl\/orientacion\/category\/universidades-en-chile\/\" rel=\"tag\">Universidades en Chile<\/a>","author_info":{"name":"Lucila Voccia","url":"https:\/\/www.cursosycarreras.cl\/orientacion\/author\/lucila-voccia\/"},"comments_num":"0 comments","yoast_head":"<!-- This site is optimized with the Yoast SEO plugin v17.0 - https:\/\/yoast.com\/wordpress\/plugins\/seo\/ -->\n<title>El CFT Massachusetts presenta nueva oferta educativa a partir del 2022 - CursosyCarreras.cl<\/title>\n<meta name=\"description\" content=\"\u00bfEst\u00e1s buscando d\u00f3nde estudiar carreras cortas? Lee la entrevista que realizamos a Juan Pablo Ja\u00f1a P\u00e9rez, Rector del CFT Massachusetts.\" \/>\n<meta name=\"robots\" content=\"index, follow, max-snippet:-1, max-image-preview:large, max-video-preview:-1\" \/>\n<link rel=\"canonical\" href=\"https:\/\/www.cursosycarreras.cl\/orientacion\/entrevista-directivo-cft-massachusetts\/\" \/>\n<meta property=\"og:locale\" content=\"es_ES\" \/>\n<meta property=\"og:type\" content=\"article\" \/>\n<meta property=\"og:title\" content=\"El CFT Massachusetts presenta nueva oferta educativa a partir del 2022 - CursosyCarreras.cl\" \/>\n<meta property=\"og:description\" content=\"\u00bfEst\u00e1s buscando d\u00f3nde estudiar carreras cortas? Lee la entrevista que realizamos a Juan Pablo Ja\u00f1a P\u00e9rez, Rector del CFT Massachusetts.\" \/>\n<meta property=\"og:url\" content=\"https:\/\/www.cursosycarreras.cl\/orientacion\/entrevista-directivo-cft-massachusetts\/\" \/>\n<meta property=\"og:site_name\" content=\"CursosyCarreras.cl\" \/>\n<meta property=\"article:publisher\" content=\"https:\/\/www.facebook.com\/CursosyCarrerascom\" \/>\n<meta property=\"article:published_time\" content=\"2021-12-13T19:29:10+00:00\" \/>\n<meta property=\"article:modified_time\" content=\"2022-02-14T19:06:19+00:00\" \/>\n<meta name=\"twitter:card\" content=\"summary\" \/>\n<meta name=\"twitter:image\" content=\"https:\/\/www.cursosycarreras.cl\/orientacion\/wp-content\/uploads\/2021\/12\/cft-massachusetts.jpg\" \/>\n<meta name=\"twitter:label1\" content=\"Written by\" \/>\n\t<meta name=\"twitter:data1\" content=\"Lucila Voccia\" \/>\n\t<meta name=\"twitter:label2\" content=\"Est. reading time\" \/>\n\t<meta name=\"twitter:data2\" content=\"6 minutos\" \/>\n<script type=\"application\/ld+json\" class=\"yoast-schema-graph\">{\"@context\":\"https:\/\/schema.org\",\"@graph\":[{\"@type\":\"WebSite\",\"@id\":\"https:\/\/www.cursosycarreras.cl\/orientacion\/#website\",\"url\":\"https:\/\/www.cursosycarreras.cl\/orientacion\/\",\"name\":\"CursosyCarreras.cl\",\"description\":\"\",\"potentialAction\":[{\"@type\":\"SearchAction\",\"target\":{\"@type\":\"EntryPoint\",\"urlTemplate\":\"https:\/\/www.cursosycarreras.cl\/orientacion\/?s={search_term_string}\"},\"query-input\":\"required name=search_term_string\"}],\"inLanguage\":\"es-AR\"},{\"@type\":\"ImageObject\",\"@id\":\"https:\/\/www.cursosycarreras.cl\/orientacion\/entrevista-directivo-cft-massachusetts\/#primaryimage\",\"inLanguage\":\"es-AR\",\"url\":\"\",\"contentUrl\":\"\"},{\"@type\":\"WebPage\",\"@id\":\"https:\/\/www.cursosycarreras.cl\/orientacion\/entrevista-directivo-cft-massachusetts\/#webpage\",\"url\":\"https:\/\/www.cursosycarreras.cl\/orientacion\/entrevista-directivo-cft-massachusetts\/\",\"name\":\"El CFT Massachusetts presenta nueva oferta educativa a partir del 2022 - CursosyCarreras.cl\",\"isPartOf\":{\"@id\":\"https:\/\/www.cursosycarreras.cl\/orientacion\/#website\"},\"primaryImageOfPage\":{\"@id\":\"https:\/\/www.cursosycarreras.cl\/orientacion\/entrevista-directivo-cft-massachusetts\/#primaryimage\"},\"datePublished\":\"2021-12-13T19:29:10+00:00\",\"dateModified\":\"2022-02-14T19:06:19+00:00\",\"author\":{\"@id\":\"https:\/\/www.cursosycarreras.cl\/orientacion\/#\/schema\/person\/5578a144e9a582f30bfdd86f0a47c5aa\"},\"description\":\"\\u00bfEst\\u00e1s buscando d\\u00f3nde estudiar carreras cortas? Lee la entrevista que realizamos a Juan Pablo Ja\\u00f1a P\\u00e9rez, Rector del CFT Massachusetts.\",\"breadcrumb\":{\"@id\":\"https:\/\/www.cursosycarreras.cl\/orientacion\/entrevista-directivo-cft-massachusetts\/#breadcrumb\"},\"inLanguage\":\"es-AR\",\"potentialAction\":[{\"@type\":\"ReadAction\",\"target\":[\"https:\/\/www.cursosycarreras.cl\/orientacion\/entrevista-directivo-cft-massachusetts\/\"]}]},{\"@type\":\"BreadcrumbList\",\"@id\":\"https:\/\/www.cursosycarreras.cl\/orientacion\/entrevista-directivo-cft-massachusetts\/#breadcrumb\",\"itemListElement\":[{\"@type\":\"ListItem\",\"position\":1,\"name\":\"Home\",\"item\":\"https:\/\/www.cursosycarreras.cl\/orientacion\/\"},{\"@type\":\"ListItem\",\"position\":2,\"name\":\"El CFT Massachusetts presenta nueva oferta educativa a partir del 2022\"}]},{\"@type\":\"Person\",\"@id\":\"https:\/\/www.cursosycarreras.cl\/orientacion\/#\/schema\/person\/5578a144e9a582f30bfdd86f0a47c5aa\",\"name\":\"Lucila Voccia\",\"image\":{\"@type\":\"ImageObject\",\"@id\":\"https:\/\/www.cursosycarreras.cl\/orientacion\/#personlogo\",\"inLanguage\":\"es-AR\",\"url\":\"https:\/\/secure.gravatar.com\/avatar\/15276fbf032eca650ecc1822cf278130?s=96&d=mm&r=g\",\"contentUrl\":\"https:\/\/secure.gravatar.com\/avatar\/15276fbf032eca650ecc1822cf278130?s=96&d=mm&r=g\",\"caption\":\"Lucila Voccia\"},\"url\":\"https:\/\/www.cursosycarreras.cl\/orientacion\/author\/lucila-voccia\/\"}]}<\/script>\n<!-- \/ Yoast SEO plugin. -->","yoast_head_json":{"title":"El CFT Massachusetts presenta nueva oferta educativa a partir del 2022 - CursosyCarreras.cl","description":"\u00bfEst\u00e1s buscando d\u00f3nde estudiar carreras cortas? Lee la entrevista que realizamos a Juan Pablo Ja\u00f1a P\u00e9rez, Rector del CFT Massachusetts.","robots":{"index":"index","follow":"follow","max-snippet":"max-snippet:-1","max-image-preview":"max-image-preview:large","max-video-preview":"max-video-preview:-1"},"canonical":"https:\/\/www.cursosycarreras.cl\/orientacion\/entrevista-directivo-cft-massachusetts\/","og_locale":"es_ES","og_type":"article","og_title":"El CFT Massachusetts presenta nueva oferta educativa a partir del 2022 - CursosyCarreras.cl","og_description":"\u00bfEst\u00e1s buscando d\u00f3nde estudiar carreras cortas? Lee la entrevista que realizamos a Juan Pablo Ja\u00f1a P\u00e9rez, Rector del CFT Massachusetts.","og_url":"https:\/\/www.cursosycarreras.cl\/orientacion\/entrevista-directivo-cft-massachusetts\/","og_site_name":"CursosyCarreras.cl","article_publisher":"https:\/\/www.facebook.com\/CursosyCarrerascom","article_published_time":"2021-12-13T19:29:10+00:00","article_modified_time":"2022-02-14T19:06:19+00:00","twitter_card":"summary","twitter_image":"https:\/\/www.cursosycarreras.cl\/orientacion\/wp-content\/uploads\/2021\/12\/cft-massachusetts.jpg","twitter_misc":{"Written by":"Lucila Voccia","Est. reading time":"6 minutos"},"schema":{"@context":"https:\/\/schema.org","@graph":[{"@type":"WebSite","@id":"https:\/\/www.cursosycarreras.cl\/orientacion\/#website","url":"https:\/\/www.cursosycarreras.cl\/orientacion\/","name":"CursosyCarreras.cl","description":"","potentialAction":[{"@type":"SearchAction","target":{"@type":"EntryPoint","urlTemplate":"https:\/\/www.cursosycarreras.cl\/orientacion\/?s={search_term_string}"},"query-input":"required name=search_term_string"}],"inLanguage":"es-AR"},{"@type":"ImageObject","@id":"https:\/\/www.cursosycarreras.cl\/orientacion\/entrevista-directivo-cft-massachusetts\/#primaryimage","inLanguage":"es-AR","url":"","contentUrl":""},{"@type":"WebPage","@id":"https:\/\/www.cursosycarreras.cl\/orientacion\/entrevista-directivo-cft-massachusetts\/#webpage","url":"https:\/\/www.cursosycarreras.cl\/orientacion\/entrevista-directivo-cft-massachusetts\/","name":"El CFT Massachusetts presenta nueva oferta educativa a partir del 2022 - CursosyCarreras.cl","isPartOf":{"@id":"https:\/\/www.cursosycarreras.cl\/orientacion\/#website"},"primaryImageOfPage":{"@id":"https:\/\/www.cursosycarreras.cl\/orientacion\/entrevista-directivo-cft-massachusetts\/#primaryimage"},"datePublished":"2021-12-13T19:29:10+00:00","dateModified":"2022-02-14T19:06:19+00:00","author":{"@id":"https:\/\/www.cursosycarreras.cl\/orientacion\/#\/schema\/person\/5578a144e9a582f30bfdd86f0a47c5aa"},"description":"\u00bfEst\u00e1s buscando d\u00f3nde estudiar carreras cortas? Lee la entrevista que realizamos a Juan Pablo Ja\u00f1a P\u00e9rez, Rector del CFT Massachusetts.","breadcrumb":{"@id":"https:\/\/www.cursosycarreras.cl\/orientacion\/entrevista-directivo-cft-massachusetts\/#breadcrumb"},"inLanguage":"es-AR","potentialAction":[{"@type":"ReadAction","target":["https:\/\/www.cursosycarreras.cl\/orientacion\/entrevista-directivo-cft-massachusetts\/"]}]},{"@type":"BreadcrumbList","@id":"https:\/\/www.cursosycarreras.cl\/orientacion\/entrevista-directivo-cft-massachusetts\/#breadcrumb","itemListElement":[{"@type":"ListItem","position":1,"name":"Home","item":"https:\/\/www.cursosycarreras.cl\/orientacion\/"},{"@type":"ListItem","position":2,"name":"El CFT Massachusetts presenta nueva oferta educativa a partir del 2022"}]},{"@type":"Person","@id":"https:\/\/www.cursosycarreras.cl\/orientacion\/#\/schema\/person\/5578a144e9a582f30bfdd86f0a47c5aa","name":"Lucila Voccia","image":{"@type":"ImageObject","@id":"https:\/\/www.cursosycarreras.cl\/orientacion\/#personlogo","inLanguage":"es-AR","url":"https:\/\/secure.gravatar.com\/avatar\/15276fbf032eca650ecc1822cf278130?s=96&d=mm&r=g","contentUrl":"https:\/\/secure.gravatar.com\/avatar\/15276fbf032eca650ecc1822cf278130?s=96&d=mm&r=g","caption":"Lucila Voccia"},"url":"https:\/\/www.cursosycarreras.cl\/orientacion\/author\/lucila-voccia\/"}]}},"_links":{"self":[{"href":"https:\/\/www.cursosycarreras.cl\/orientacion\/wp-json\/wp\/v2\/posts\/1685"}],"collection":[{"href":"https:\/\/www.cursosycarreras.cl\/orientacion\/wp-json\/wp\/v2\/posts"}],"about":[{"href":"https:\/\/www.cursosycarreras.cl\/orientacion\/wp-json\/wp\/v2\/types\/post"}],"author":[{"embeddable":true,"href":"https:\/\/www.cursosycarreras.cl\/orientacion\/wp-json\/wp\/v2\/users\/7"}],"replies":[{"embeddable":true,"href":"https:\/\/www.cursosycarreras.cl\/orientacion\/wp-json\/wp\/v2\/comments?post=1685"}],"version-history":[{"count":7,"href":"https:\/\/www.cursosycarreras.cl\/orientacion\/wp-json\/wp\/v2\/posts\/1685\/revisions"}],"predecessor-version":[{"id":2052,"href":"https:\/\/www.cursosycarreras.cl\/orientacion\/wp-json\/wp\/v2\/posts\/1685\/revisions\/2052"}],"wp:featuredmedia":[{"embeddable":true,"href":"https:\/\/www.cursosycarreras.cl\/orientacion\/wp-json\/wp\/v2\/media\/2040"}],"wp:attachment":[{"href":"https:\/\/www.cursosycarreras.cl\/orientacion\/wp-json\/wp\/v2\/media?parent=1685"}],"wp:term":[{"taxonomy":"category","embeddable":true,"href":"https:\/\/www.cursosycarreras.cl\/orientacion\/wp-json\/wp\/v2\/categories?post=1685"},{"taxonomy":"post_tag","embeddable":true,"href":"https:\/\/www.cursosycarreras.cl\/orientacion\/wp-json\/wp\/v2\/tags?post=1685"}],"curies":[{"name":"wp","href":"https:\/\/api.w.org\/{rel}","templated":true}]}}